[{"@context":"https:\/\/schema.org\/","@type":"Article","@id":"https:\/\/www.fileup.cz\/spravny-vyber-obleceni-je-zaklad\/#Article","mainEntityOfPage":"https:\/\/www.fileup.cz\/spravny-vyber-obleceni-je-zaklad\/","headline":"Spr\u00e1vn\u00fd v\u00fdb\u011br oble\u010den\u00ed je z\u00e1klad","name":"Spr\u00e1vn\u00fd v\u00fdb\u011br oble\u010den\u00ed je z\u00e1klad","description":"Ji\u017e od d\u00e1vn\u00fdch dob se \u0159\u00edk\u00e1, \u017ee \u0161aty d\u011blaj\u00ed \u010dlov\u011bka, a i v r\u00e1mci sou\u010dasn\u00e9, modern\u00ed doby na tom n\u011bco bude, a to zejm\u00e9na v p\u0159\u00edpad\u011b n\u011bjak\u00fdch t\u011bch slavnostn\u011bj\u0161\u00edch chvil, kter\u00e9 se st\u00e1vaj\u00ed jen p\u00e1rkr\u00e1t za \u017eivot. Tou nejz\u00e1vazn\u011bj\u0161\u00ed a nejvz\u00e1cn\u011bj\u0161\u00ed ud\u00e1lost\u00ed \u017eivota je v\u0161ak svatba, a to zejm\u00e9na z toho d\u016fvodu, \u017ee ve chv\u00edli,...","datePublished":"2020-08-11","dateModified":"2023-05-05","author":{"@type":"Person","@id":"https:\/\/www.fileup.cz\/author\/#Person","name":"","url":"https:\/\/www.fileup.cz\/author\/","identifier":1,"image":{"@type":"ImageObject","@id":"https:\/\/secure.gravatar.com\/avatar\/2b882a21216b34ba28e79730eea9356b725e9a0bf9885ae3bedd792ae606fb10?s=96&d=mm&r=g","url":"https:\/\/secure.gravatar.com\/avatar\/2b882a21216b34ba28e79730eea9356b725e9a0bf9885ae3bedd792ae606fb10?s=96&d=mm&r=g","height":96,"width":96}},"publisher":{"@type":"Organization","name":"fileup.cz","logo":{"@type":"ImageObject","@id":"\/logo.png","url":"\/logo.png","width":600,"height":60}},"image":{"@type":"ImageObject","@id":"https:\/\/www.fileup.cz\/wp-content\/uploads\/%C5%BEenich%20a%20nev%C4%9Bsta_1.jpg","url":"https:\/\/www.fileup.cz\/wp-content\/uploads\/%C5%BEenich%20a%20nev%C4%9Bsta_1.jpg","height":0,"width":0},"url":"https:\/\/www.fileup.cz\/spravny-vyber-obleceni-je-zaklad\/","about":["V\u00fdrobky"],"wordCount":484,"articleBody":"         Ji\u017e od d\u00e1vn\u00fdch dob se \u0159\u00edk\u00e1, \u017ee \u0161aty d\u011blaj\u00ed \u010dlov\u011bka, a i v r\u00e1mci sou\u010dasn\u00e9, modern\u00ed doby na tom n\u011bco bude, a to zejm\u00e9na v p\u0159\u00edpad\u011b n\u011bjak\u00fdch t\u011bch slavnostn\u011bj\u0161\u00edch chvil, kter\u00e9 se st\u00e1vaj\u00ed jen p\u00e1rkr\u00e1t za \u017eivot. Tou nejz\u00e1vazn\u011bj\u0161\u00ed a nejvz\u00e1cn\u011bj\u0161\u00ed ud\u00e1lost\u00ed \u017eivota je v\u0161ak svatba, a to zejm\u00e9na z toho d\u016fvodu, \u017ee ve chv\u00edli, kdy m\u00e1me opravdov\u00e9 \u0161t\u011bst\u00ed, tak tuto akci za\u017eijeme jen jednou za \u017eivot, co\u017e je v\u0161ak zejm\u00e9na v posledn\u00ed dob\u011b opravdovou vz\u00e1cnost\u00ed. A zejm\u00e9na z toho d\u016fvodu je tak tedy v\u00edce ne\u017e vhodn\u00e9, aby hlavn\u011b budouc\u00ed novoman\u017eel\u00e9 m\u011bli na sob\u011b to, v \u010dem je jim pohodln\u011b, jeliko\u017e jen tak je mo\u017en\u00e9, aby si sv\u016fj den u\u017eili, co nejv\u00edce je to mo\u017en\u00e9.  V p\u0159\u00edpad\u011b, kdy bychom se zam\u011b\u0159ili na mu\u017esk\u00e9ho z\u00e1stupce v r\u00e1mci t\u00e9to dvojice, dojdeme velmi rychle k z\u00e1v\u011bru, \u017ee v\u00fdb\u011br jeho oble\u010den\u00ed, je o dost jednodu\u0161\u0161\u00ed, ne\u017e u nev\u011bsty, a to zejm\u00e9na z toho d\u016fvodu, \u017ee on ve sv\u00e9 podstat\u011b nem\u00e1 ani co na v\u00fdb\u011br, jeliko\u017e je ji\u017e p\u0159edem jist\u00e9, \u017ee se jeho oble\u010den\u00ed v ten v\u00fdznamn\u00fd den bude skl\u00e1dat z ko\u0161ile, kravaty a obleku. Jedin\u00e9, co je tak tedy mo\u017en\u00e9 ovlivnit, \u010di \u010d\u00edm je mo\u017en\u00e9 se alespo\u0148 trochu odli\u0161it je celkov\u00e1 barva obleku, a vedle toho tak\u00e9 barva jednotliv\u00fdch dopl\u0148k\u016f, \u010di bot, na kter\u00fdch v\u0161ak tak\u00e9 z\u00e1le\u017e\u00ed, jeliko\u017e mus\u00ed b\u00fdt pohodln\u00e9, a to zejm\u00e9na z toho d\u016fvodu, aby v nich mohl vydr\u017eet cel\u00fd den.  Oproti tomu nev\u011bsta m\u00e1 nep\u0159ebern\u00e9 mno\u017estv\u00ed mo\u017enost\u00ed, av\u0161ak dle m\u00e9ho osobn\u00edho p\u0159esv\u011bd\u010den\u00ed jsou v r\u00e1mci posledn\u00edch let velk\u00fdm hitem krajkov\u00e9 svatebn\u00ed \u0161aty Svatebni-saty-spolecenske-plesove, d\u00edky kter\u00fdm se jist\u011b ka\u017ed\u00e1 ze z\u00e1stupky\u0148 n\u011b\u017en\u00e9ho pohlav\u00ed bude c\u00edtit jako princezna. Vedle toho si pr\u00e1v\u011b v r\u00e1mci tohoto sortimentu m\u016f\u017ee vybrat n\u011bjak\u00e9 ty origin\u00e1ln\u00ed, co\u017e je mo\u017en\u00e9 spojit tak\u00e9 s t\u00edm, \u017ee nen\u00ed a\u017e tak nutn\u00e9, aby se v\u017edy jednalo o zcela b\u00edl\u00e9 \u0161aty, jeliko\u017e n\u011bjak\u00fd ten lehk\u00fd n\u00e1dech barvy m\u016f\u017ee d\u00e1t cel\u00e9 svatb\u011b zcela odli\u0161n\u00fd podt\u00f3n. Hlavn\u00ed v\u0161ak je, aby ka\u017ed\u00e1 s v\u00e1s m\u011bla na sob\u011b to, co se j\u00ed ze v\u0161eho nejv\u00edce l\u00edb\u00ed, a tak m\u00edsto n\u00e1zor\u016f okol\u00ed vn\u00edmejte zejm\u00e9na svou intuici, jeliko\u017e jen tak m\u016f\u017ee b\u00fdt \u00fasp\u011bch zaru\u010den. http:\/\/www.auto.cz\/ojeta-skoda-octavia-1-9-tdi-uspech-zarucen-76283\/foto%3Ffoto%3D12                                                                                                                                                                                                                                                                                                                                                                                           4.7\/5 - (4 votes)        "},{"@context":"https:\/\/schema.org\/","@type":"BreadcrumbList","itemListElement":[{"@type":"ListItem","position":1,"name":"Spr\u00e1vn\u00fd v\u00fdb\u011br oble\u010den\u00ed je z\u00e1klad","item":"https:\/\/www.fileup.cz\/spravny-vyber-obleceni-je-zaklad\/#breadcrumbitem"}]}]